[{"@context":"https:\/\/schema.org\/","@type":"Article","@id":"https:\/\/www.csfho.cz\/fotky-z-mobilu\/#Article","mainEntityOfPage":"https:\/\/www.csfho.cz\/fotky-z-mobilu\/","headline":"Fotky z mobilu","name":"Fotky z mobilu","description":"Jsem Lara, 28.4.2017 \u0160la jsem do \u0161koly jako ...","datePublished":"2022-04-22","dateModified":"2022-04-22","author":{"@type":"Person","@id":"https:\/\/www.csfho.cz\/author\/#Person","name":"","url":"https:\/\/www.csfho.cz\/author\/","identifier":1,"image":{"@type":"ImageObject","@id":"https:\/\/secure.gravatar.com\/avatar\/edf965aa5e6319b22667bed24bb070a38fc0326fd1c728db50dc1d860a4a16ad?s=96&d=mm&r=g","url":"https:\/\/secure.gravatar.com\/avatar\/edf965aa5e6319b22667bed24bb070a38fc0326fd1c728db50dc1d860a4a16ad?s=96&d=mm&r=g","height":96,"width":96}},"publisher":{"@type":"Organization","name":"csfho.cz","logo":{"@type":"ImageObject","@id":"\/logo.png","url":"\/logo.png","width":600,"height":60}},"image":{"@type":"ImageObject","@id":"https:\/\/www.csfho.cz\/wp-content\/uploads\/social-media-1795578_960_720_10.jpg","url":"https:\/\/www.csfho.cz\/wp-content\/uploads\/social-media-1795578_960_720_10.jpg","height":0,"width":0},"url":"https:\/\/www.csfho.cz\/fotky-z-mobilu\/","about":["Mobil"],"wordCount":430,"articleBody":"Jsem Lara, 28.4.2017\u0160la jsem do \u0161koly jako ka\u017ed\u00fd den. Dny v\u0161echny stejn\u00fd, p\u0159ed domem na m\u011b \u010dekal Jack. Vyzvedl m\u011b, proto\u017ee nechce, abych chodila do \u0161koly sama, ani\u017e by m\u011b n\u011bkdo ochra\u0148oval. S\u00a0Jackem chod\u00edme spolu u\u017e p\u0159es p\u016fl roku a nikdy jsem nebyla \u0161\u0165astn\u011bj\u0161\u00ed, a to i moje rodina je z\u00a0n\u011bho nad\u0161en\u00e1. M\u00e1m je\u0161t\u011b nejlep\u0161\u00ed kamar\u00e1dku, kter\u00e1 se jmenuje Billy. O p\u00e1r t\u00fddnu pozd\u011bji: P\u0159i\u0161la jsem do \u0161koly a \u0161la jsem za Jackem a byl divn\u00fd a chladn\u00fd. Ptala jsem se Billy a ta taky o ni\u010dem nev\u011bd\u011bla. P\u0159i\u0161lo mi to zvl\u00e1\u0161tn\u00ed, proto\u017ee se na m\u011b za\u010dali koukat dal\u0161\u00ed lidi. A j\u00e1 tomu st\u00e1le nerozum\u011bla. A pak za mnou p\u0159i\u0161la parta kluk\u016f, kter\u00fd se mi za\u010dali sm\u00e1t, proto\u017ee byla zve\u0159ejn\u011bn\u00e1 moje nah\u00e1 fotografie. Ale nerozum\u011bla jsem tomu, proto\u017ee jsem si to fotila pro sebe, \u017ee to d\u00e1m Jackovi jako d\u00e1rek. A nejdou se objevily na internetu. B\u00e1la jsem se to \u0159\u00edct mamce nato\u017e t\u00e1tovi. Nastal den, kdy se to rodi\u010de dozv\u011bd\u011bli, proto\u017ee poznali, \u017ee se n\u011bco d\u011bje. Kdy\u017e to t\u00e1ta zjistil, takto za\u010dal \u0159e\u0161it. N\u011bkdo mi heknul mobil a v\u0161echny fotografie byli zve\u0159ejn\u011bn\u00e9 na internetu. \u0158e\u0161ilo se to s\u00a0policii a hledali se dal\u0161\u00ed mo\u017en\u00e9 d\u016fkazy. Kdy\u017e se do toho t\u00e1ta vlo\u017eil, tak n\u00e1m heknuli doma \u00fapln\u011b v\u0161echno. A v\u00edte, pro\u010d p\u00ed\u0161u tento \u010dl\u00e1nek? Abyste si dali pozor, co fot\u00edte a jak\u00e9 aplikace si stahujete, proto\u017ee n\u011bkter\u00e9 aplikace po v\u00e1s cht\u011bj\u00ed povolen\u00ed do galerie apod. \u00a0A to je ten nejhor\u0161\u00ed pr\u016fser, proto\u017ee kdy\u017e se zve\u0159ejn\u00ed va\u0161e intimn\u00ed fotografie, tak to n\u011bkter\u00fd doh\u00e1n\u00ed k\u00a0sebevra\u017ed\u011b, proto\u017ee maj\u00ed strach, co na to \u0159eknou jejich rodi\u010de, kamar\u00e1di, partner apod. Tak\u017ee rada pro v\u00e1s, tvo\u0159te opatrn\u011bj\u0161\u00ed fotografie, a hlavn\u011b si na ty fotky netvo\u0159te cloud ulo\u017ei\u0161t\u011b. Doopravdy v\u00e1m to za to nestoj\u00ed a nefo\u0165te se naz\u00ed, proto\u017ee ten prav\u00fd by v\u00e1s m\u011bl vid\u011bt na vlastn\u00ed o\u010di, a ne n\u011bkde na internetov\u00e9 str\u00e1nce, jak jste naz\u00ed. Tak si te\u010f b\u011b\u017ete zkontrolovat fotogalerii a n\u011bkter\u00e9 fotky pro jistotu vyma\u017ete na v\u017edycky.                                                                                                                                                                                                                                                                                                                                                                                         4\/5 - (2 votes)        "},{"@context":"https:\/\/schema.org\/","@type":"BreadcrumbList","itemListElement":[{"@type":"ListItem","position":1,"name":"Fotky z mobilu","item":"https:\/\/www.csfho.cz\/fotky-z-mobilu\/#breadcrumbitem"}]}]